{"id":52,"date":"2013-05-13T16:54:06","date_gmt":"2013-05-13T16:54:06","guid":{"rendered":"http:\/\/junge-familien.zaybachtal.de\/?p=52"},"modified":"2013-05-13T16:54:06","modified_gmt":"2013-05-13T16:54:06","slug":"lesetag-pressemitteilung-1","status":"publish","type":"post","link":"http:\/\/junge-familien.zaybachtal.de\/?p=52","title":{"rendered":"LESETAG &#8211; Pressemitteilung (1)"},"content":{"rendered":"<p><strong>Herzliche Einladung zur Veranstaltung: Lesen macht Spa\u00df!<br \/>\nSchm\u00f6kern, Vorlesen und B\u00fccher kennenlernen in St. Bernhard<\/strong><\/p>\n<p>Schon seit drei Jahren l\u00e4dt der Arbeitskreis \u201eJunge Familien\u201c der Pfarrgruppe Zaybachtal regelm\u00e4\u00dfig zu Veranstaltungen ein, die sich insbesondere an Familien mit Kindern vom Kleinkind- bis hin zum Grundschulalter richten. Nun steht die n\u00e4chste Veranstaltung an, die am 16. Juni unter dem Motto \u201eLesen macht Spa\u00df \u2013 Schm\u00f6kern, Vorlesen und B\u00fccher kennenlernen\u201c mit einem bunten Programm Kurzweil verspricht.<\/p>\n<p>Los geht es ab 11.00 Uhr in den R\u00e4umlichkeiten des Gemeindezentrums St. Bernhard. Neben verschiedenen Vorleseaktionen in gem\u00fctlicher Atmosph\u00e4re, vertonten Geschichten zum Mitmachen, Bastelideen rund ums Buch und einer B\u00fccherausstellung der beiden katholischen B\u00fcchereien St. Stephan und St. Georg werden auch ein B\u00fccherflohmarkt, Beratung zu Kindersachb\u00fcchern sowie leckere Speisen angeboten. Das Programm ist sowohl f\u00fcr Kindergartenkinder als auch f\u00fcr Grundschulkinder interessant, wobei Vorlesen, Mitmachen, Singen und Schm\u00f6kern ausdr\u00fccklich erw\u00fcnscht sind!<\/p>\n<p>N\u00e4here Informationen rund um die Veranstaltung, die gegen 16.00 Uhr endet, finden Interessierte auf der Internetseite http:\/\/junge-familien.zaybachtal.de\/.<\/p>\n<p><strong>Die Veranstaltung im Kurzportrait:<\/strong><\/p>\n<dl>\n<dt>Datum:<\/dt>\n<dd>16. Juni 2013, 11.00 \u2013 16.00 Uhr<\/dd>\n<dt>Ort:<\/dt>\n<dd>Gemeindezentrum St. Bernhard, Hans-B\u00f6ckler-Stra\u00dfe 19-12, 55128 Bretzenheim<\/dd>\n<dt>Titel:<\/dt>\n<dd>Lesen macht Spa\u00df!<\/dd>\n<dt>Programm:<\/dt>\n<dd>Vorleseaktivit\u00e4ten, B\u00fccherflohmarkt, Leseecken zum Selberschm\u00f6kern, Mitmachlieder und -geschichten, Basteln rund ums Buch, Speisen und Getr\u00e4nke, Kaffee und Kuchen.<\/dd>\n<\/dl>\n","protected":false},"excerpt":{"rendered":"<p>Herzliche Einladung zur Veranstaltung: Lesen macht Spa\u00df! Schm\u00f6kern, Vorlesen und B\u00fccher kennenlernen in St. Bernhard Schon seit drei Jahren l\u00e4dt der Arbeitskreis \u201eJunge Familien\u201c der Pfarrgruppe Zaybachtal regelm\u00e4\u00dfig zu Veranstaltungen ein, die sich insbesondere an Familien mit Kindern vom Kleinkind- &hellip; <a href=\"http:\/\/junge-familien.zaybachtal.de\/?p=52\">Weiterlesen <span class=\"meta-nav\">&rarr;<\/span><\/a><\/p>\n","protected":false},"author":1,"featured_media":0,"comment_status":"open","ping_status":"open","sticky":false,"template":"","format":"standard","meta":{"footnotes":""},"categories":[1],"tags":[],"class_list":["post-52","post","type-post","status-publish","format-standard","hentry","category-uncategorized"],"_links":{"self":[{"href":"http:\/\/junge-familien.zaybachtal.de\/index.php?rest_route=\/wp\/v2\/posts\/52","targetHints":{"allow":["GET"]}}],"collection":[{"href":"http:\/\/junge-familien.zaybachtal.de\/index.php?rest_route=\/wp\/v2\/posts"}],"about":[{"href":"http:\/\/junge-familien.zaybachtal.de\/index.php?rest_route=\/wp\/v2\/types\/post"}],"author":[{"embeddable":true,"href":"http:\/\/junge-familien.zaybachtal.de\/index.php?rest_route=\/wp\/v2\/users\/1"}],"replies":[{"embeddable":true,"href":"http:\/\/junge-familien.zaybachtal.de\/index.php?rest_route=%2Fwp%2Fv2%2Fcomments&post=52"}],"version-history":[{"count":4,"href":"http:\/\/junge-familien.zaybachtal.de\/index.php?rest_route=\/wp\/v2\/posts\/52\/revisions"}],"predecessor-version":[{"id":56,"href":"http:\/\/junge-familien.zaybachtal.de\/index.php?rest_route=\/wp\/v2\/posts\/52\/revisions\/56"}],"wp:attachment":[{"href":"http:\/\/junge-familien.zaybachtal.de\/index.php?rest_route=%2Fwp%2Fv2%2Fmedia&parent=52"}],"wp:term":[{"taxonomy":"category","embeddable":true,"href":"http:\/\/junge-familien.zaybachtal.de\/index.php?rest_route=%2Fwp%2Fv2%2Fcategories&post=52"},{"taxonomy":"post_tag","embeddable":true,"href":"http:\/\/junge-familien.zaybachtal.de\/index.php?rest_route=%2Fwp%2Fv2%2Ftags&post=52"}],"curies":[{"name":"wp","href":"https:\/\/api.w.org\/{rel}","templated":true}]}}