{"id":268,"date":"2015-12-01T00:01:42","date_gmt":"2015-12-01T00:01:42","guid":{"rendered":"http:\/\/junge-familien.zaybachtal.de\/?p=268"},"modified":"2015-12-08T17:21:53","modified_gmt":"2015-12-08T17:21:53","slug":"adventskalender-1-12-2015","status":"publish","type":"post","link":"http:\/\/junge-familien.zaybachtal.de\/?p=268","title":{"rendered":"Adventskalender &#8211; 1.12.2015 &#8211; &#8222;Drau\u00df&#8216; von der Stadt &#8230;&#8220;"},"content":{"rendered":"<p>Was ist f\u00fcr uns wichtig im Advent? Und an Weihnachten? Warum ist die Zeit f\u00fcr Kinder so spannend und f\u00fcr die Gro\u00dfen oft so stressig? Wie k\u00f6nnen Kinder diese Zeit genie\u00dfen, ohne sich <img loading=\"lazy\" decoding=\"async\" class=\"alignright size-full wp-image-260\" src=\"http:\/\/junge-familien.zaybachtal.de\/wp-content\/uploads\/2015\/11\/Zweig-Kerze-01a.png\" alt=\"Zweig-Kerze-01a\" width=\"120\" height=\"76\" \/>von unserer Betriebsamkeit anstecken zu lassen? Und was k\u00f6nnen wir von den kleinen Leuten lernen?<\/p>\n<p style=\"text-align: center;\"><em>&#8211; : &#8211;<br \/>\nVon drau\u00df&#8216;, von der Stadt da komme ich her.<\/em><br \/>\n<em>Ich muss Euch sagen, es weihnachtet sehr.<\/em><br \/>\n<em>All \u00fcberall auf den Kaufhausspitzen<\/em><br \/>\n<em>sah ich goldene Lichter blitzen.<\/em><br \/>\n<em>Und vor dem Eingang von Neckermann<\/em><br \/>\n<em>quatscht mich ein Pappnasennikolaus an:<\/em><br \/>\n<em>&#8222;Lieber Kunde! Guter Gesell&#8216;!<\/em><br \/>\n<em>Hebe die Beine und kaufe noch schnell<\/em><br \/>\n<em>f\u00fcr die Lieben einen Weihnachtsgru\u00df!<\/em><br \/>\n<em>Aber mach schnell, denn bald ist Ladenschluss!&#8220;<\/em><\/p>\n<p style=\"text-align: center;\"><em>Und droben aus dem Himmelstor<\/em><br \/>\n<em>sah mit gro\u00dfen Augen das Christkind hervor.<\/em><br \/>\n<em>Sprach: &#8222;Lieber Knecht Ruprecht, guter Mann,<\/em><br \/>\n<em>mich kotzt dieser Weihnachtsrummel an!&#8220;<\/em><br \/>\n<em>Verschwand darauf, kam nimmer mehr.<\/em><br \/>\n<em>Egal &#8211; Hauptsache ist, es weihnachtet sehr!<\/em><\/p>\n<p style=\"text-align: center;\">&#8230;<\/p>\n","protected":false},"excerpt":{"rendered":"<p>Was ist f\u00fcr uns wichtig im Advent? Und an Weihnachten? Warum ist die Zeit f\u00fcr Kinder so spannend und f\u00fcr die Gro\u00dfen oft so stressig? Wie k\u00f6nnen Kinder diese Zeit genie\u00dfen, ohne sich von unserer Betriebsamkeit anstecken zu lassen? Und &hellip; <a href=\"http:\/\/junge-familien.zaybachtal.de\/?p=268\">Weiterlesen <span class=\"meta-nav\">&rarr;<\/span><\/a><\/p>\n","protected":false},"author":1,"featured_media":0,"comment_status":"open","ping_status":"open","sticky":false,"template":"","format":"standard","meta":{"footnotes":""},"categories":[12],"tags":[],"class_list":["post-268","post","type-post","status-publish","format-standard","hentry","category-advent"],"_links":{"self":[{"href":"http:\/\/junge-familien.zaybachtal.de\/index.php?rest_route=\/wp\/v2\/posts\/268","targetHints":{"allow":["GET"]}}],"collection":[{"href":"http:\/\/junge-familien.zaybachtal.de\/index.php?rest_route=\/wp\/v2\/posts"}],"about":[{"href":"http:\/\/junge-familien.zaybachtal.de\/index.php?rest_route=\/wp\/v2\/types\/post"}],"author":[{"embeddable":true,"href":"http:\/\/junge-familien.zaybachtal.de\/index.php?rest_route=\/wp\/v2\/users\/1"}],"replies":[{"embeddable":true,"href":"http:\/\/junge-familien.zaybachtal.de\/index.php?rest_route=%2Fwp%2Fv2%2Fcomments&post=268"}],"version-history":[{"count":5,"href":"http:\/\/junge-familien.zaybachtal.de\/index.php?rest_route=\/wp\/v2\/posts\/268\/revisions"}],"predecessor-version":[{"id":313,"href":"http:\/\/junge-familien.zaybachtal.de\/index.php?rest_route=\/wp\/v2\/posts\/268\/revisions\/313"}],"wp:attachment":[{"href":"http:\/\/junge-familien.zaybachtal.de\/index.php?rest_route=%2Fwp%2Fv2%2Fmedia&parent=268"}],"wp:term":[{"taxonomy":"category","embeddable":true,"href":"http:\/\/junge-familien.zaybachtal.de\/index.php?rest_route=%2Fwp%2Fv2%2Fcategories&post=268"},{"taxonomy":"post_tag","embeddable":true,"href":"http:\/\/junge-familien.zaybachtal.de\/index.php?rest_route=%2Fwp%2Fv2%2Ftags&post=268"}],"curies":[{"name":"wp","href":"https:\/\/api.w.org\/{rel}","templated":true}]}}