{"id":128,"date":"2013-06-27T10:50:41","date_gmt":"2013-06-27T10:50:41","guid":{"rendered":"http:\/\/junge-familien.zaybachtal.de\/?p=128"},"modified":"2013-06-27T11:00:37","modified_gmt":"2013-06-27T11:00:37","slug":"vorankundigung-lesetag-2014","status":"publish","type":"post","link":"http:\/\/junge-familien.zaybachtal.de\/?p=128","title":{"rendered":"Vorank\u00fcndigung: Lesetag 2014"},"content":{"rendered":"<p>Nach dem Erfolg unseres ersten Lesetages f\u00fcr junge Familien haben wir schon einen Termin f\u00fcr das n\u00e4chste Jahr geplant:<\/p>\n<h2 style=\"text-align: center;\"><strong>Lesetag <span style=\"text-decoration: underline;\">2014<\/span> am So., 28. September<\/strong><\/h2>\n<p><a href=\"http:\/\/junge-familien.zaybachtal.de\/wp-content\/uploads\/2013\/06\/Lesetag-2014.ics\">Lesetag 2014 im iCalender-Format<\/a><\/p>\n","protected":false},"excerpt":{"rendered":"<p>Nach dem Erfolg unseres ersten Lesetages f\u00fcr junge Familien haben wir schon einen Termin f\u00fcr das n\u00e4chste Jahr geplant: Lesetag 2014 am So., 28. September Lesetag 2014 im iCalender-Format<\/p>\n","protected":false},"author":1,"featured_media":0,"comment_status":"open","ping_status":"open","sticky":false,"template":"","format":"standard","meta":{"footnotes":""},"categories":[6,3],"tags":[],"class_list":["post-128","post","type-post","status-publish","format-standard","hentry","category-lesetag","category-termine"],"_links":{"self":[{"href":"http:\/\/junge-familien.zaybachtal.de\/index.php?rest_route=\/wp\/v2\/posts\/128","targetHints":{"allow":["GET"]}}],"collection":[{"href":"http:\/\/junge-familien.zaybachtal.de\/index.php?rest_route=\/wp\/v2\/posts"}],"about":[{"href":"http:\/\/junge-familien.zaybachtal.de\/index.php?rest_route=\/wp\/v2\/types\/post"}],"author":[{"embeddable":true,"href":"http:\/\/junge-familien.zaybachtal.de\/index.php?rest_route=\/wp\/v2\/users\/1"}],"replies":[{"embeddable":true,"href":"http:\/\/junge-familien.zaybachtal.de\/index.php?rest_route=%2Fwp%2Fv2%2Fcomments&post=128"}],"version-history":[{"count":7,"href":"http:\/\/junge-familien.zaybachtal.de\/index.php?rest_route=\/wp\/v2\/posts\/128\/revisions"}],"predecessor-version":[{"id":134,"href":"http:\/\/junge-familien.zaybachtal.de\/index.php?rest_route=\/wp\/v2\/posts\/128\/revisions\/134"}],"wp:attachment":[{"href":"http:\/\/junge-familien.zaybachtal.de\/index.php?rest_route=%2Fwp%2Fv2%2Fmedia&parent=128"}],"wp:term":[{"taxonomy":"category","embeddable":true,"href":"http:\/\/junge-familien.zaybachtal.de\/index.php?rest_route=%2Fwp%2Fv2%2Fcategories&post=128"},{"taxonomy":"post_tag","embeddable":true,"href":"http:\/\/junge-familien.zaybachtal.de\/index.php?rest_route=%2Fwp%2Fv2%2Ftags&post=128"}],"curies":[{"name":"wp","href":"https:\/\/api.w.org\/{rel}","templated":true}]}}